{"id":14180,"date":"2020-05-05T20:03:19","date_gmt":"2020-05-05T18:03:19","guid":{"rendered":"http:\/\/sptrybsz.lapszenizne.pl\/?p=14180"},"modified":"2020-05-05T22:11:17","modified_gmt":"2020-05-05T20:11:17","slug":"14180","status":"publish","type":"post","link":"https:\/\/sptrybsz.lapszenizne.pl\/?p=14180","title":{"rendered":"Zawieszenie pracy oddzia\u0142\u00f3w przedszkolnych"},"content":{"rendered":"<p style=\"text-align: justify;\">W zwi\u0105zku z zapowiadan\u0105 mo\u017cliwo\u015bci\u0105 uruchomienia dzia\u0142alno\u015bci oddzia\u0142\u00f3w przedszkolnych od dnia 6 maja 2020 roku informuj\u0119, \u017ce ze wzgl\u0119du na trudno\u015bci w zapewnieniu odpowiednich warunk\u00f3w zwi\u0105zanych z zapobieganiem, przeciwdzia\u0142aniem zwalczaniem COVID-19 po uzyskaniu zgody Organu Prowadz\u0105cego wyda\u0142am Zarz\u0105dzenie w sprawie zawieszenia zaj\u0119\u0107 w oddzia\u0142ach przedszkolnych w okresie od 6 do 24 maja 2020 r.<\/p>\n<p>\u00a0 \u00a0 \u00a0 \u00a0 \u00a0 \u00a0 \u00a0 \u00a0 \u00a0 \u00a0 \u00a0 \u00a0 \u00a0 \u00a0 \u00a0 \u00a0 \u00a0 \u00a0 \u00a0 \u00a0 \u00a0 \u00a0 \u00a0 \u00a0 \u00a0 \u00a0 \u00a0 \u00a0 \u00a0 \u00a0 \u00a0 \u00a0 \u00a0 \u00a0 \u00a0 \u00a0 \u00a0 \u00a0 \u00a0 \u00a0 \u00a0 \u00a0 \u00a0 \u00a0 \u00a0 \u00a0 \u00a0 \u00a0 \u00a0 \u00a0 \u00a0 \u00a0 \u00a0 \u00a0\u00a0Anna Stronczek-dyrektor szko\u0142y<\/p>\n<p><i>W <a href=\"https:\/\/sptrybsz.lapszenizne.pl\/wp-content\/uploads\/2020\/05\/zarz\u0105dzenie-dyrektora-Przedszkola.pdf\">za\u0142\u0105czeniu<\/a> Zarz\u0105dzenie Dyrektora Szko\u0142y.<\/i><\/p>\n<p>&nbsp;<\/p>\n","protected":false},"excerpt":{"rendered":"<p>W zwi\u0105zku z zapowiadan\u0105 mo\u017cliwo\u015bci\u0105 uruchomienia dzia\u0142alno\u015bci oddzia\u0142\u00f3w przedszkolnych od dnia 6 maja 2020 roku informuj\u0119, \u017ce ze wzgl\u0119du na trudno\u015bci w zapewnieniu odpowiednich warunk\u00f3w zwi\u0105zanych z zapobieganiem, przeciwdzia\u0142aniem zwalczaniem COVID-19 po uzyskaniu zgody Organu Prowadz\u0105cego wyda\u0142am Zarz\u0105dzenie w sprawie zawieszenia zaj\u0119\u0107 w oddzia\u0142ach przedszkolnych w okresie od 6 do 24 maja 2020 r. \u00a0 [&hellip;]<\/p>\n","protected":false},"author":1,"featured_media":0,"comment_status":"closed","ping_status":"closed","sticky":false,"template":"","format":"standard","meta":{"footnotes":""},"categories":[1],"tags":[],"class_list":["post-14180","post","type-post","status-publish","format-standard","hentry","category-bez-kategorii"],"yoast_head":"<!-- This site is optimized with the Yoast SEO plugin v22.2 - https:\/\/yoast.com\/wordpress\/plugins\/seo\/ -->\n<title>Zawieszenie pracy oddzia\u0142\u00f3w przedszkolnych - Szko\u0142a Podstawowa im. \u015awi\u0119tej El\u017cbiety W\u0119gierskiej w Trybszu<\/title>\n<meta name=\"robots\" content=\"index, follow, max-snippet:-1, max-image-preview:large, max-video-preview:-1\" \/>\n<link rel=\"canonical\" href=\"https:\/\/sptrybsz.lapszenizne.pl\/?p=14180\" \/>\n<meta property=\"og:locale\" content=\"pl_PL\" \/>\n<meta property=\"og:type\" content=\"article\" \/>\n<meta property=\"og:title\" content=\"Zawieszenie pracy oddzia\u0142\u00f3w przedszkolnych - Szko\u0142a Podstawowa im. \u015awi\u0119tej El\u017cbiety W\u0119gierskiej w Trybszu\" \/>\n<meta property=\"og:description\" content=\"W zwi\u0105zku z zapowiadan\u0105 mo\u017cliwo\u015bci\u0105 uruchomienia dzia\u0142alno\u015bci oddzia\u0142\u00f3w przedszkolnych od dnia 6 maja 2020 roku informuj\u0119, \u017ce ze wzgl\u0119du na trudno\u015bci w zapewnieniu odpowiednich warunk\u00f3w zwi\u0105zanych z zapobieganiem, przeciwdzia\u0142aniem zwalczaniem COVID-19 po uzyskaniu zgody Organu Prowadz\u0105cego wyda\u0142am Zarz\u0105dzenie w sprawie zawieszenia zaj\u0119\u0107 w oddzia\u0142ach przedszkolnych w okresie od 6 do 24 maja 2020 r. \u00a0 [&hellip;]\" \/>\n<meta property=\"og:url\" content=\"https:\/\/sptrybsz.lapszenizne.pl\/?p=14180\" \/>\n<meta property=\"og:site_name\" content=\"Szko\u0142a Podstawowa im. \u015awi\u0119tej El\u017cbiety W\u0119gierskiej w Trybszu\" \/>\n<meta property=\"article:published_time\" content=\"2020-05-05T18:03:19+00:00\" \/>\n<meta property=\"article:modified_time\" content=\"2020-05-05T20:11:17+00:00\" \/>\n<meta name=\"author\" content=\"adminszkola1\" \/>\n<meta name=\"twitter:card\" content=\"summary_large_image\" \/>\n<meta name=\"twitter:label1\" content=\"Napisane przez\" \/>\n\t<meta name=\"twitter:data1\" content=\"adminszkola1\" \/>\n<script type=\"application\/ld+json\" class=\"yoast-schema-graph\">{\"@context\":\"https:\/\/schema.org\",\"@graph\":[{\"@type\":\"WebPage\",\"@id\":\"https:\/\/sptrybsz.lapszenizne.pl\/?p=14180\",\"url\":\"https:\/\/sptrybsz.lapszenizne.pl\/?p=14180\",\"name\":\"Zawieszenie pracy oddzia\u0142\u00f3w przedszkolnych - Szko\u0142a Podstawowa im. \u015awi\u0119tej El\u017cbiety W\u0119gierskiej w Trybszu\",\"isPartOf\":{\"@id\":\"https:\/\/sptrybsz.lapszenizne.pl\/#website\"},\"datePublished\":\"2020-05-05T18:03:19+00:00\",\"dateModified\":\"2020-05-05T20:11:17+00:00\",\"author\":{\"@id\":\"https:\/\/sptrybsz.lapszenizne.pl\/#\/schema\/person\/4f3d38da58e681b058693a837dee4955\"},\"breadcrumb\":{\"@id\":\"https:\/\/sptrybsz.lapszenizne.pl\/?p=14180#breadcrumb\"},\"inLanguage\":\"pl-PL\",\"potentialAction\":[{\"@type\":\"ReadAction\",\"target\":[\"https:\/\/sptrybsz.lapszenizne.pl\/?p=14180\"]}]},{\"@type\":\"BreadcrumbList\",\"@id\":\"https:\/\/sptrybsz.lapszenizne.pl\/?p=14180#breadcrumb\",\"itemListElement\":[{\"@type\":\"ListItem\",\"position\":1,\"name\":\"Strona g\u0142\u00f3wna\",\"item\":\"https:\/\/sptrybsz.lapszenizne.pl\/\"},{\"@type\":\"ListItem\",\"position\":2,\"name\":\"Zawieszenie pracy oddzia\u0142\u00f3w przedszkolnych\"}]},{\"@type\":\"WebSite\",\"@id\":\"https:\/\/sptrybsz.lapszenizne.pl\/#website\",\"url\":\"https:\/\/sptrybsz.lapszenizne.pl\/\",\"name\":\"Szko\u0142a Podstawowa im. \u015awi\u0119tej El\u017cbiety W\u0119gierskiej w Trybszu\",\"description\":\"\",\"potentialAction\":[{\"@type\":\"SearchAction\",\"target\":{\"@type\":\"EntryPoint\",\"urlTemplate\":\"https:\/\/sptrybsz.lapszenizne.pl\/?s={search_term_string}\"},\"query-input\":\"required name=search_term_string\"}],\"inLanguage\":\"pl-PL\"},{\"@type\":\"Person\",\"@id\":\"https:\/\/sptrybsz.lapszenizne.pl\/#\/schema\/person\/4f3d38da58e681b058693a837dee4955\",\"name\":\"adminszkola1\",\"image\":{\"@type\":\"ImageObject\",\"inLanguage\":\"pl-PL\",\"@id\":\"https:\/\/sptrybsz.lapszenizne.pl\/#\/schema\/person\/image\/\",\"url\":\"https:\/\/secure.gravatar.com\/avatar\/ca26775b840ba6f5077405681658be9e45348fc7d713f0b1b9e2b462bc7f23fd?s=96&d=mm&r=g\",\"contentUrl\":\"https:\/\/secure.gravatar.com\/avatar\/ca26775b840ba6f5077405681658be9e45348fc7d713f0b1b9e2b462bc7f23fd?s=96&d=mm&r=g\",\"caption\":\"adminszkola1\"},\"url\":\"https:\/\/sptrybsz.lapszenizne.pl\/?author=1\"}]}<\/script>\n<!-- \/ Yoast SEO plugin. -->","yoast_head_json":{"title":"Zawieszenie pracy oddzia\u0142\u00f3w przedszkolnych - Szko\u0142a Podstawowa im. \u015awi\u0119tej El\u017cbiety W\u0119gierskiej w Trybszu","robots":{"index":"index","follow":"follow","max-snippet":"max-snippet:-1","max-image-preview":"max-image-preview:large","max-video-preview":"max-video-preview:-1"},"canonical":"https:\/\/sptrybsz.lapszenizne.pl\/?p=14180","og_locale":"pl_PL","og_type":"article","og_title":"Zawieszenie pracy oddzia\u0142\u00f3w przedszkolnych - Szko\u0142a Podstawowa im. \u015awi\u0119tej El\u017cbiety W\u0119gierskiej w Trybszu","og_description":"W zwi\u0105zku z zapowiadan\u0105 mo\u017cliwo\u015bci\u0105 uruchomienia dzia\u0142alno\u015bci oddzia\u0142\u00f3w przedszkolnych od dnia 6 maja 2020 roku informuj\u0119, \u017ce ze wzgl\u0119du na trudno\u015bci w zapewnieniu odpowiednich warunk\u00f3w zwi\u0105zanych z zapobieganiem, przeciwdzia\u0142aniem zwalczaniem COVID-19 po uzyskaniu zgody Organu Prowadz\u0105cego wyda\u0142am Zarz\u0105dzenie w sprawie zawieszenia zaj\u0119\u0107 w oddzia\u0142ach przedszkolnych w okresie od 6 do 24 maja 2020 r. \u00a0 [&hellip;]","og_url":"https:\/\/sptrybsz.lapszenizne.pl\/?p=14180","og_site_name":"Szko\u0142a Podstawowa im. \u015awi\u0119tej El\u017cbiety W\u0119gierskiej w Trybszu","article_published_time":"2020-05-05T18:03:19+00:00","article_modified_time":"2020-05-05T20:11:17+00:00","author":"adminszkola1","twitter_card":"summary_large_image","twitter_misc":{"Napisane przez":"adminszkola1"},"schema":{"@context":"https:\/\/schema.org","@graph":[{"@type":"WebPage","@id":"https:\/\/sptrybsz.lapszenizne.pl\/?p=14180","url":"https:\/\/sptrybsz.lapszenizne.pl\/?p=14180","name":"Zawieszenie pracy oddzia\u0142\u00f3w przedszkolnych - Szko\u0142a Podstawowa im. \u015awi\u0119tej El\u017cbiety W\u0119gierskiej w Trybszu","isPartOf":{"@id":"https:\/\/sptrybsz.lapszenizne.pl\/#website"},"datePublished":"2020-05-05T18:03:19+00:00","dateModified":"2020-05-05T20:11:17+00:00","author":{"@id":"https:\/\/sptrybsz.lapszenizne.pl\/#\/schema\/person\/4f3d38da58e681b058693a837dee4955"},"breadcrumb":{"@id":"https:\/\/sptrybsz.lapszenizne.pl\/?p=14180#breadcrumb"},"inLanguage":"pl-PL","potentialAction":[{"@type":"ReadAction","target":["https:\/\/sptrybsz.lapszenizne.pl\/?p=14180"]}]},{"@type":"BreadcrumbList","@id":"https:\/\/sptrybsz.lapszenizne.pl\/?p=14180#breadcrumb","itemListElement":[{"@type":"ListItem","position":1,"name":"Strona g\u0142\u00f3wna","item":"https:\/\/sptrybsz.lapszenizne.pl\/"},{"@type":"ListItem","position":2,"name":"Zawieszenie pracy oddzia\u0142\u00f3w przedszkolnych"}]},{"@type":"WebSite","@id":"https:\/\/sptrybsz.lapszenizne.pl\/#website","url":"https:\/\/sptrybsz.lapszenizne.pl\/","name":"Szko\u0142a Podstawowa im. \u015awi\u0119tej El\u017cbiety W\u0119gierskiej w Trybszu","description":"","potentialAction":[{"@type":"SearchAction","target":{"@type":"EntryPoint","urlTemplate":"https:\/\/sptrybsz.lapszenizne.pl\/?s={search_term_string}"},"query-input":"required name=search_term_string"}],"inLanguage":"pl-PL"},{"@type":"Person","@id":"https:\/\/sptrybsz.lapszenizne.pl\/#\/schema\/person\/4f3d38da58e681b058693a837dee4955","name":"adminszkola1","image":{"@type":"ImageObject","inLanguage":"pl-PL","@id":"https:\/\/sptrybsz.lapszenizne.pl\/#\/schema\/person\/image\/","url":"https:\/\/secure.gravatar.com\/avatar\/ca26775b840ba6f5077405681658be9e45348fc7d713f0b1b9e2b462bc7f23fd?s=96&d=mm&r=g","contentUrl":"https:\/\/secure.gravatar.com\/avatar\/ca26775b840ba6f5077405681658be9e45348fc7d713f0b1b9e2b462bc7f23fd?s=96&d=mm&r=g","caption":"adminszkola1"},"url":"https:\/\/sptrybsz.lapszenizne.pl\/?author=1"}]}},"_links":{"self":[{"href":"https:\/\/sptrybsz.lapszenizne.pl\/index.php?rest_route=\/wp\/v2\/posts\/14180","targetHints":{"allow":["GET"]}}],"collection":[{"href":"https:\/\/sptrybsz.lapszenizne.pl\/index.php?rest_route=\/wp\/v2\/posts"}],"about":[{"href":"https:\/\/sptrybsz.lapszenizne.pl\/index.php?rest_route=\/wp\/v2\/types\/post"}],"author":[{"embeddable":true,"href":"https:\/\/sptrybsz.lapszenizne.pl\/index.php?rest_route=\/wp\/v2\/users\/1"}],"replies":[{"embeddable":true,"href":"https:\/\/sptrybsz.lapszenizne.pl\/index.php?rest_route=%2Fwp%2Fv2%2Fcomments&post=14180"}],"version-history":[{"count":6,"href":"https:\/\/sptrybsz.lapszenizne.pl\/index.php?rest_route=\/wp\/v2\/posts\/14180\/revisions"}],"predecessor-version":[{"id":14187,"href":"https:\/\/sptrybsz.lapszenizne.pl\/index.php?rest_route=\/wp\/v2\/posts\/14180\/revisions\/14187"}],"wp:attachment":[{"href":"https:\/\/sptrybsz.lapszenizne.pl\/index.php?rest_route=%2Fwp%2Fv2%2Fmedia&parent=14180"}],"wp:term":[{"taxonomy":"category","embeddable":true,"href":"https:\/\/sptrybsz.lapszenizne.pl\/index.php?rest_route=%2Fwp%2Fv2%2Fcategories&post=14180"},{"taxonomy":"post_tag","embeddable":true,"href":"https:\/\/sptrybsz.lapszenizne.pl\/index.php?rest_route=%2Fwp%2Fv2%2Ftags&post=14180"}],"curies":[{"name":"wp","href":"https:\/\/api.w.org\/{rel}","templated":true}]}}